{"id":22752,"date":"2025-10-06T08:00:02","date_gmt":"2025-10-06T12:00:02","guid":{"rendered":"http:\/\/13.220.237.230:8080\/descobre-o-estilo-de-vida-caribenho-na-republica-dominicana-e-na-riviera-maya-atraves-dos-seus-olhos\/"},"modified":"2025-10-10T04:18:34","modified_gmt":"2025-10-10T08:18:34","slug":"descobre-o-estilo-de-vida-caribenho-na-republica-dominicana-e-na-riviera-maya-atraves-dos-seus-olhos","status":"publish","type":"post","link":"https:\/\/stagingwprep.grassurntech.com\/pt-pt\/descobre-o-estilo-de-vida-caribenho-na-republica-dominicana-e-na-riviera-maya-atraves-dos-seus-olhos\/","title":{"rendered":"Descobre o estilo de vida caribenho na Rep\u00fablica Dominicana e na Riviera Maya &#8211; atrav\u00e9s dos seus olhos"},"content":{"rendered":"\n<p>As Cara\u00edbas n\u00e3o s\u00e3o apenas um destino; <strong>s\u00e3o um modo de vida que cativa os cora\u00e7\u00f5es de quem as experimenta<\/strong>. Entre as suas j\u00f3ias est\u00e3o a <g id=\"gid_1\">Rep\u00fablica Dominicana e<\/g> a <g id=\"gid_1\">Riviera Maya, no M\u00e9xico<\/g>, ambas oferecendo estilos de vida \u00fanicos, repletos de culturas vibrantes, paisagens deslumbrantes e um esp\u00edrito comunit\u00e1rio caloroso. Neste artigo, vamos explorar o estilo de vida caribenho atrav\u00e9s dos olhos dos residentes e visitantes destas duas belas regi\u00f5es, destacando as experi\u00eancias que tornam a vida aqui verdadeiramente especial.  <\/p>\n\n<h2 class=\"wp-block-heading\"><strong><strong><strong><strong><strong><strong><strong>O fasc\u00ednio da vida nas Cara\u00edbas<\/strong><\/strong><\/strong><\/strong><\/strong><\/strong><\/strong><\/h2>\n\n<h3 class=\"wp-block-heading\"><strong><strong><strong><strong><strong><strong><strong>Uma fus\u00e3o de culturas<\/strong><\/strong><\/strong><\/strong><\/strong><\/strong><\/strong><\/h3>\n\n<p>Tanto a Rep\u00fablica Dominicana como a Riviera Maya s\u00e3o ricas em diversidade cultural, moldadas pela heran\u00e7a ind\u00edgena, hist\u00f3ria colonial e influ\u00eancias modernas.<\/p>\n\n<h4 class=\"wp-block-heading\"><strong><strong><strong><strong><strong><strong>Linguagem e comunica\u00e7\u00e3o<\/strong><\/strong><\/strong><\/strong><\/strong><\/strong><\/h4>\n\n<p>Na Rep\u00fablica Dominicana, o espanhol \u00e9 a l\u00edngua principal, enquanto na Riviera Maya tamb\u00e9m se verifica uma mistura de espanhol e ingl\u00eas, especialmente nas zonas tur\u00edsticas. Esta diversidade lingu\u00edstica fomenta as liga\u00e7\u00f5es entre os habitantes locais e os expatriados, facilitando o contacto com a comunidade. <\/p>\n\n<h4 class=\"wp-block-heading\"><strong><strong><strong><strong><strong><strong><strong><strong><strong>M\u00fasica e dan\u00e7a<\/strong><\/strong><\/strong><\/strong><\/strong><\/strong><\/strong><\/strong><\/strong><\/h4>\n\n<p>A m\u00fasica \u00e9 uma parte vital da vida em ambas as regi\u00f5es. A Rep\u00fablica Dominicana \u00e9 famosa pelo merengue e pela bachata, enquanto a Riviera Maya oferece uma mistura de m\u00fasica tradicional mexicana e sons contempor\u00e2neos. Os festivais e eventos locais apresentam frequentemente m\u00fasica ao vivo, convidando todos a juntarem-se \u00e0 celebra\u00e7\u00e3o.  <\/p>\n\n<h2 class=\"wp-block-heading\"><strong><strong><strong><strong><strong><strong><strong><strong>Beleza natural e vida ao ar livre<\/strong><\/strong><\/strong><\/strong><\/strong><\/strong><\/strong><\/strong><\/h2>\n\n<p>As paisagens da Rep\u00fablica Dominicana e da Riviera Maya s\u00e3o de cortar a respira\u00e7\u00e3o, oferecendo uma grande variedade de actividades ao ar livre que promovem um estilo de vida saud\u00e1vel.<\/p>\n\n<h3 class=\"wp-block-heading\"><strong><strong><strong><strong><strong><strong><strong><strong><strong>Vida na praia<\/strong><\/strong><\/strong><\/strong><\/strong><\/strong><\/strong><\/strong><\/strong><\/h3>\n\n<p>Viver nestas regi\u00f5es significa ter acesso a algumas das mais belas praias das Cara\u00edbas. A Rep\u00fablica Dominicana possui costas deslumbrantes como Punta Cana e Playa Rinc\u00f3n, enquanto a Riviera Maya apresenta as famosas praias de Tulum e Akumal. Quer prefiras apanhar sol, nadar ou praticar desportos aqu\u00e1ticos, a praia \u00e9 uma parte integrante da vida quotidiana.  <\/p>\n\n<h3 class=\"wp-block-heading\"><strong><strong><strong><strong><strong><strong><strong><strong><strong><strong><strong>Explora\u00e7\u00e3o da natureza<\/strong><\/strong><\/strong><\/strong><\/strong><\/strong><\/strong><\/strong><\/strong><\/strong><\/strong><\/h3>\n\n<p>Ambas as \u00e1reas oferecem oportunidades incr\u00edveis para os amantes da natureza. Na Rep\u00fablica Dominicana, podes explorar as exuberantes florestas tropicais de Jarabacoa ou caminhar at\u00e9 ao deslumbrante Pico Duarte. Na Riviera Maya, a Reserva da Biosfera de Sian Ka&#8217;an e os cenotes oferecem ecossistemas \u00fanicos para descobrires.  <\/p>\n\n<h2 class=\"wp-block-heading\"><strong><strong><strong><strong><strong><strong><strong><strong><strong><strong><strong><strong>A experi\u00eancia culin\u00e1ria<\/strong><\/strong><\/strong><\/strong><\/strong><\/strong><\/strong><\/strong><\/strong><\/strong><\/strong><\/strong><\/h2>\n\n<h3 class=\"wp-block-heading\"><strong><strong><strong><strong><strong><strong><strong><strong><strong><strong><strong><strong><strong>Uma del\u00edcia gastron\u00f3mica<\/strong><\/strong><\/strong><\/strong><\/strong><\/strong><\/strong><\/strong><\/strong><\/strong><\/strong><\/strong><\/strong><\/h3>\n\n<p>A cena culin\u00e1ria da Rep\u00fablica Dominicana e da Riviera Maya \u00e9 um festim para os sentidos, apresentando ingredientes locais e receitas tradicionais.<\/p>\n\n<h4 class=\"wp-block-heading\"><strong><strong><strong><strong><strong><strong><strong><strong><strong><strong><strong><strong>Pratos tradicionais<\/strong><\/strong><\/strong><\/strong><\/strong><\/strong><\/strong><\/strong><\/strong><\/strong><\/strong><\/strong><\/h4>\n\n<ul class=\"wp-block-list\">\n<li><strong>Sancocho dominicano:<\/strong> Um guisado saud\u00e1vel feito com v\u00e1rias carnes e vegetais de raiz, perfeito para reuni\u00f5es familiares.<\/li>\n\n\n\n<li><strong>Tacos al Pastor:<\/strong> Um alimento b\u00e1sico na Riviera Maya, estes tacos s\u00e3o recheados com carne de porco marinada e cobertos com anan\u00e1s fresco e coentros.<\/li>\n\n\n\n<li><strong>Mangu: <\/strong>Um prato popular do pequeno-almo\u00e7o dominicano feito de pur\u00e9 de banana, muitas vezes servido com ovos fritos e salame.<\/li>\n<\/ul>\n\n<figure class=\"wp-block-image aligncenter size-full\"><img decoding=\"async\" width=\"2560\" height=\"1707\" src=\"http:\/\/13.220.237.230:8080\/wp-content\/uploads\/2025\/10\/pareja-feliz-relajandose-en-la-playa-de-arena-cerca-de-la-palmera-scaled.jpg\" alt=\"\" class=\"wp-image-22722\" srcset=\"https:\/\/stagingwprep.grassurntech.com\/wp-content\/uploads\/2025\/10\/pareja-feliz-relajandose-en-la-playa-de-arena-cerca-de-la-palmera-scaled.jpg 2560w, https:\/\/stagingwprep.grassurntech.com\/wp-content\/uploads\/2025\/10\/pareja-feliz-relajandose-en-la-playa-de-arena-cerca-de-la-palmera-300x200.jpg 300w, https:\/\/stagingwprep.grassurntech.com\/wp-content\/uploads\/2025\/10\/pareja-feliz-relajandose-en-la-playa-de-arena-cerca-de-la-palmera-1024x683.jpg 1024w, https:\/\/stagingwprep.grassurntech.com\/wp-content\/uploads\/2025\/10\/pareja-feliz-relajandose-en-la-playa-de-arena-cerca-de-la-palmera-768x512.jpg 768w, https:\/\/stagingwprep.grassurntech.com\/wp-content\/uploads\/2025\/10\/pareja-feliz-relajandose-en-la-playa-de-arena-cerca-de-la-palmera-1536x1024.jpg 1536w, https:\/\/stagingwprep.grassurntech.com\/wp-content\/uploads\/2025\/10\/pareja-feliz-relajandose-en-la-playa-de-arena-cerca-de-la-palmera-2048x1365.jpg 2048w, https:\/\/stagingwprep.grassurntech.com\/wp-content\/uploads\/2025\/10\/pareja-feliz-relajandose-en-la-playa-de-arena-cerca-de-la-palmera-600x400.jpg 600w\" sizes=\"(max-width: 2560px) 100vw, 2560px\" \/><\/figure>\n\n<h3 class=\"wp-block-heading\"><strong><strong><strong><strong><strong><strong>Jantar e conv\u00edvio<\/strong><\/strong><\/strong><\/strong><\/strong><\/strong><\/h3>\n\n<p>Jantar nestas regi\u00f5es \u00e9 muitas vezes uma experi\u00eancia colectiva. Os habitantes locais re\u00fanem-se em barracas \u00e0 beira-mar, restaurantes familiares e mercados vibrantes, partilhando refei\u00e7\u00f5es e hist\u00f3rias. A \u00eanfase na comunidade melhora a experi\u00eancia gastron\u00f3mica geral, fazendo de cada refei\u00e7\u00e3o uma celebra\u00e7\u00e3o.  <\/p>\n\n<h2 class=\"wp-block-heading\"><strong><strong><strong><strong><strong><strong>Abra\u00e7ar um estilo de vida descontra\u00eddo<\/strong><\/strong><\/strong><\/strong><\/strong><\/strong><\/h2>\n\n<h3 class=\"wp-block-heading\"><strong><strong><strong><strong><strong><strong>O ritmo da vida<\/strong><\/strong><\/strong><\/strong><\/strong><\/strong><\/h3>\n\n<p>Um dos aspectos mais apelativos de viver na Rep\u00fablica Dominicana e na Riviera Maya \u00e9 o ritmo de vida mais lento. Os residentes d\u00e3o prioridade ao relaxamento e \u00e0 divers\u00e3o, criando um ambiente sem stress. <\/p>\n\n<h4 class=\"wp-block-heading\"><strong>Equil\u00edbrio entre vida profissional e pessoal<\/strong><\/h4>\n\n<p>Em ambas as regi\u00f5es, o equil\u00edbrio entre a vida profissional e a vida privada \u00e9 altamente valorizado. Muitas pessoas gostam de acordos de trabalho flex\u00edveis, o que lhes permite passar mais tempo com a fam\u00edlia e os amigos. Esta preocupa\u00e7\u00e3o com a qualidade de vida contribui para a felicidade e o bem-estar geral.  <\/p>\n\n<h3 class=\"wp-block-heading\"><strong><strong><strong><strong><strong><strong><strong>Sa\u00fade e bem-estar<\/strong><\/strong><\/strong><\/strong><\/strong><\/strong><\/strong><\/h3>\n\n<p>O estilo de vida caribenho promove o bem-estar f\u00edsico e mental. Com o sol durante todo o ano, actividades ao ar livre e um foco em alimentos frescos e locais, os residentes t\u00eam frequentemente uma vida mais saud\u00e1vel. <\/p>\n\n<h4 class=\"wp-block-heading\"><strong><strong><strong><strong><strong><strong><strong><strong>Retiros de ioga e bem-estar<\/strong><\/strong><\/strong><\/strong><\/strong><\/strong><\/strong><\/strong><\/h4>\n\n<p>Tanto a Rep\u00fablica Dominicana como a Riviera Maya oferecem in\u00fameros retiros de bem-estar centrados no ioga, na medita\u00e7\u00e3o e na sa\u00fade hol\u00edstica. Estes retiros proporcionam oportunidades para descontrair, recarregar energias e estabelecer liga\u00e7\u00f5es com pessoas que pensam da mesma forma e que procuram o equil\u00edbrio nas suas vidas. <\/p>\n\n<h2 class=\"wp-block-heading\"><strong>Criar liga\u00e7\u00f5es comunit\u00e1rias<\/strong><\/h2>\n\n<h3 class=\"wp-block-heading\"><strong><strong>Um ambiente acolhedor<\/strong><\/strong><\/h3>\n\n<p>A Rep\u00fablica Dominicana e a Riviera Maya s\u00e3o conhecidas pelos seus residentes simp\u00e1ticos e acolhedores. Quer sejas um visitante ou um novo residente, rapidamente te sentir\u00e1s em casa nestas comunidades. <\/p>\n\n<h4 class=\"wp-block-heading\"><strong><strong><strong>Eventos e festivais locais<\/strong><\/strong><\/strong><\/h4>\n\n<p>Participar em eventos e festivais locais \u00e9 uma excelente forma de te relacionares com os outros e de mergulhares na cultura. Desde as celebra\u00e7\u00f5es do Carnaval dominicano at\u00e9 \u00e0s festividades do Dia dos Mortos na Riviera Maya, h\u00e1 sempre algo a acontecer para juntar as pessoas. <\/p>\n\n<h3 class=\"wp-block-heading\"><strong><strong><strong><strong>Faz amigos para toda a vida<\/strong><\/strong><\/strong><\/strong><\/h3>\n\n<p>Construir rela\u00e7\u00f5es nestas regi\u00f5es \u00e9 f\u00e1cil devido \u00e0 natureza amig\u00e1vel das pessoas. Muitos expatriados descobrem que rapidamente criam la\u00e7os estreitos com os habitantes locais e outros rec\u00e9m-chegados, criando uma rede de apoio que melhora a sua experi\u00eancia nas Cara\u00edbas. <\/p>\n\n<h2 class=\"wp-block-heading\"><strong><strong><strong><strong><strong><strong><strong><strong><strong><strong><strong>Conclus\u00e3o<\/strong><\/strong><\/strong><\/strong><\/strong><\/strong><\/strong><\/strong><\/strong><\/strong><\/strong><\/h2>\n\n<p>O estilo de vida caribenho na <strong>Rep\u00fablica Dominicana e na Riviera Maya<\/strong> \u00e9 uma bela mistura de cultura, natureza e comunidade. Viver nestas regi\u00f5es vibrantes oferece in\u00fameras oportunidades de aventura, relaxamento e conex\u00e3o. Quer te sintas atra\u00eddo pelas paisagens deslumbrantes, pelas ricas experi\u00eancias culin\u00e1rias ou pelas pessoas calorosas, a Rep\u00fablica Dominicana e a Riviera Maya prometem uma vida cheia de alegria e realiza\u00e7\u00e3o.  <\/p>\n\n<p>Est\u00e1s pronto para descobrir o estilo de vida das Cara\u00edbas por ti pr\u00f3prio? Na <strong>Blue Caribbean Properties<\/strong>, somos especialistas em ajudar-te a encontrar a casa dos teus sonhos nestes para\u00edsos tropicais. <strong>Contacta-nos hoje mesmo <\/strong>para come\u00e7ar a tua viagem rumo a uma nova vida nas Cara\u00edbas, onde os teus sonhos se podem tornar realidade! <\/p>\n","protected":false},"excerpt":{"rendered":"<p>As Cara\u00edbas n\u00e3o s\u00e3o apenas um destino; s\u00e3o um modo de vida que cativa os cora\u00e7\u00f5es de quem as experimenta. Entre as suas j\u00f3ias est\u00e3o a Rep\u00fablica Dominicana e a Riviera Maya, no M\u00e9xico, ambas oferecendo estilos de vida \u00fanicos, repletos de culturas vibrantes, paisagens deslumbrantes e um esp\u00edrito comunit\u00e1rio caloroso. Neste artigo, vamos explorar [&hellip;]<\/p>\n","protected":false},"author":1,"featured_media":22737,"comment_status":"open","ping_status":"open","sticky":false,"template":"","format":"standard","meta":{"_acf_changed":false,"_eb_attr":"","inline_featured_image":false,"_uag_custom_page_level_css":"","footnotes":""},"categories":[164],"tags":[],"class_list":["post-22752","post","type-post","status-publish","format-standard","has-post-thumbnail","hentry","category-publicacoes-do-blogue"],"acf":[],"featured_image_src":"https:\/\/stagingwprep.grassurntech.com\/wp-content\/uploads\/2025\/10\/vista-del-tanque-o-contenedor-para-el-almacenamiento-de-agua-600x400.jpg","featured_image_src_square":"https:\/\/stagingwprep.grassurntech.com\/wp-content\/uploads\/2025\/10\/vista-del-tanque-o-contenedor-para-el-almacenamiento-de-agua-600x600.jpg","author_info":{"display_name":"@blueAdmon","author_link":"https:\/\/stagingwprep.grassurntech.com\/pt-pt\/author\/nubeseo\/"},"uagb_featured_image_src":{"full":["https:\/\/stagingwprep.grassurntech.com\/wp-content\/uploads\/2025\/10\/vista-del-tanque-o-contenedor-para-el-almacenamiento-de-agua-scaled.jpg",2560,1707,false],"thumbnail":["https:\/\/stagingwprep.grassurntech.com\/wp-content\/uploads\/2025\/10\/vista-del-tanque-o-contenedor-para-el-almacenamiento-de-agua-150x150.jpg",150,150,true],"medium":["https:\/\/stagingwprep.grassurntech.com\/wp-content\/uploads\/2025\/10\/vista-del-tanque-o-contenedor-para-el-almacenamiento-de-agua-300x200.jpg",300,200,true],"medium_large":["https:\/\/stagingwprep.grassurntech.com\/wp-content\/uploads\/2025\/10\/vista-del-tanque-o-contenedor-para-el-almacenamiento-de-agua-768x512.jpg",768,512,true],"large":["https:\/\/stagingwprep.grassurntech.com\/wp-content\/uploads\/2025\/10\/vista-del-tanque-o-contenedor-para-el-almacenamiento-de-agua-1024x683.jpg",1024,683,true],"1536x1536":["https:\/\/stagingwprep.grassurntech.com\/wp-content\/uploads\/2025\/10\/vista-del-tanque-o-contenedor-para-el-almacenamiento-de-agua-1536x1024.jpg",1536,1024,true],"2048x2048":["https:\/\/stagingwprep.grassurntech.com\/wp-content\/uploads\/2025\/10\/vista-del-tanque-o-contenedor-para-el-almacenamiento-de-agua-2048x1365.jpg",2048,1365,true],"gb-block-post-grid-landscape":["https:\/\/stagingwprep.grassurntech.com\/wp-content\/uploads\/2025\/10\/vista-del-tanque-o-contenedor-para-el-almacenamiento-de-agua-600x400.jpg",600,400,true],"gb-block-post-grid-square":["https:\/\/stagingwprep.grassurntech.com\/wp-content\/uploads\/2025\/10\/vista-del-tanque-o-contenedor-para-el-almacenamiento-de-agua-600x600.jpg",600,600,true]},"uagb_author_info":{"display_name":"@blueAdmon","author_link":"https:\/\/stagingwprep.grassurntech.com\/pt-pt\/author\/nubeseo\/"},"uagb_comment_info":0,"uagb_excerpt":"As Cara\u00edbas n\u00e3o s\u00e3o apenas um destino; s\u00e3o um modo de vida que cativa os cora\u00e7\u00f5es de quem as experimenta. Entre as suas j\u00f3ias est\u00e3o a Rep\u00fablica Dominicana e a Riviera Maya, no M\u00e9xico, ambas oferecendo estilos de vida \u00fanicos, repletos de culturas vibrantes, paisagens deslumbrantes e um esp\u00edrito comunit\u00e1rio caloroso. Neste artigo, vamos explorar&hellip;","_links":{"self":[{"href":"https:\/\/stagingwprep.grassurntech.com\/pt-pt\/wp-json\/wp\/v2\/posts\/22752","targetHints":{"allow":["GET"]}}],"collection":[{"href":"https:\/\/stagingwprep.grassurntech.com\/pt-pt\/wp-json\/wp\/v2\/posts"}],"about":[{"href":"https:\/\/stagingwprep.grassurntech.com\/pt-pt\/wp-json\/wp\/v2\/types\/post"}],"author":[{"embeddable":true,"href":"https:\/\/stagingwprep.grassurntech.com\/pt-pt\/wp-json\/wp\/v2\/users\/1"}],"replies":[{"embeddable":true,"href":"https:\/\/stagingwprep.grassurntech.com\/pt-pt\/wp-json\/wp\/v2\/comments?post=22752"}],"version-history":[{"count":1,"href":"https:\/\/stagingwprep.grassurntech.com\/pt-pt\/wp-json\/wp\/v2\/posts\/22752\/revisions"}],"predecessor-version":[{"id":22753,"href":"https:\/\/stagingwprep.grassurntech.com\/pt-pt\/wp-json\/wp\/v2\/posts\/22752\/revisions\/22753"}],"wp:featuredmedia":[{"embeddable":true,"href":"https:\/\/stagingwprep.grassurntech.com\/pt-pt\/wp-json\/wp\/v2\/media\/22737"}],"wp:attachment":[{"href":"https:\/\/stagingwprep.grassurntech.com\/pt-pt\/wp-json\/wp\/v2\/media?parent=22752"}],"wp:term":[{"taxonomy":"category","embeddable":true,"href":"https:\/\/stagingwprep.grassurntech.com\/pt-pt\/wp-json\/wp\/v2\/categories?post=22752"},{"taxonomy":"post_tag","embeddable":true,"href":"https:\/\/stagingwprep.grassurntech.com\/pt-pt\/wp-json\/wp\/v2\/tags?post=22752"}],"curies":[{"name":"wp","href":"https:\/\/api.w.org\/{rel}","templated":true}]}}