{"id":15347,"date":"2022-07-12T00:00:00","date_gmt":"2022-07-12T04:00:00","guid":{"rendered":"http:\/\/13.220.237.230:8080\/regionalne-muzeum-archeologiczne-alto-de-chavon\/"},"modified":"2024-09-22T06:40:36","modified_gmt":"2024-09-22T10:40:36","slug":"regionalne-muzeum-archeologiczne-alto-de-chavon","status":"publish","type":"post","link":"https:\/\/stagingwprep.grassurntech.com\/pl\/regionalne-muzeum-archeologiczne-alto-de-chavon\/","title":{"rendered":"Regionalne Muzeum Archeologiczne Alto de Chav\u00f3n"},"content":{"rendered":"<p>W <strong>Altos de Chav\u00f3n<\/strong> mo\u017cna znale\u017a\u0107 kilka interesuj\u0105cych muze\u00f3w, z kt\u00f3rych jednym z najwa\u017cniejszych jest <strong>Regionalne Muzeum Archeologiczne Altos de Chav\u00f3n<\/strong>, kt\u00f3re cieszy si\u0119 du\u017cym zainteresowaniem turyst\u00f3w.<br \/>\nZosta\u0142o ono otwarte w 1981 roku i ma za sob\u0105 d\u0142ug\u0105 histori\u0119.<br \/>\nJe\u015bli my\u015blisz o <strong>zainwestowaniu w La Romana<\/strong>, zach\u0119camy do zapoznania si\u0119 z informacjami na temat tego muzeum.    <\/p>\n<h2>Co mo\u017cemy znale\u017a\u0107 w Regionalnym Muzeum Archeologicznym Altos de Chav\u00f3n?<\/h2>\n<p>  To muzeum jest bardzo interesuj\u0105ce, poniewa\u017c mo\u017cemy w nim znale\u017a\u0107 wspania\u0142\u0105 kolekcj\u0119 rdzennej spu\u015bcizny wyspy Santo Domingo.<br \/>\nW szczeg\u00f3lno\u015bci sk\u0142ada si\u0119 z ponad <strong>3000 element\u00f3w<\/strong> znalezionych w regionie.<br \/>\n <strong>Samuel Pi\u00f3n<\/strong> potrzebowa\u0142 oko\u0142o 40 lat, aby je zebra\u0107 i ukszta\u0142towa\u0107 tak, aby mog\u0142y opowiedzie\u0107 histori\u0119, kt\u00f3ra si\u0119 za nimi kryje.<br \/>\nKawa\u0142ki te s\u0105 u\u0142o\u017cone w porz\u0105dku chronologicznym, aby pokaza\u0107, jak kultura ewoluowa\u0142a w rdzennych spo\u0142ecze\u0144stwach, od ery przedrolniczej do ery Taino.     <img decoding=\"async\" class=\" wp-image-35748 alignright\" src=\"http:\/\/13.220.237.230:8080\/wp-content\/uploads\/2023\/09\/Alto-de-Chavon-300x187.jpg\" alt=\"Alto de Chav\u00f3n\" width=\"451\" height=\"281\">Aby stymulowa\u0107 frekwencj\u0119, muzeum oferuje kompletny program dzia\u0142a\u0144, kt\u00f3ry obejmuje wizyty badawcze na obszarach wiejskich, wystawy, kt\u00f3re trwaj\u0105 tylko przez pewien czas, konferencje, a nawet r\u00f3\u017cne warsztaty szkoleniowe dla przewodnik\u00f3w turystycznych.<br \/>\nMuzeum oferuje r\u00f3wnie\u017c zaj\u0119cia przeznaczone dla dzieci: <strong>Exploration Classroom<\/strong> ma na celu nauczenie dzieci podstawowych poj\u0119\u0107 zwi\u0105zanych z prac\u0105 archeologiczn\u0105.<br \/>\nB\u0119d\u0105 one mia\u0142y okazj\u0119 sta\u0107 si\u0119 archeologami na jeden dzie\u0144 dzi\u0119ki proponowanym zaj\u0119ciom edukacyjnym.<br \/>\nMuzeum jest otwarte przez ca\u0142y tydzie\u0144 od 9:00 do 21:00.<br \/>\nHarmonogram mo\u017ce ulec pewnym zmianom w zale\u017cno\u015bci od zaj\u0119\u0107 zaplanowanych na dany tydzie\u0144.<br \/>\nW <strong>Blue Caribbean Properties<\/strong>, jako eksperci w dziedzinie <a href=\"http:\/\/13.220.237.230:8080\/\"><strong>nieruchomo\u015bci na Dominikanie<\/strong><\/a>mo\u017cemy poinformowa\u0107 o najlepszych miejscach do inwestowania, z najwi\u0119kszym popytem.<br \/>\nNa przyk\u0142ad mog\u0105 to by\u0107 te, kt\u00f3re znajduj\u0105 si\u0119 bli\u017cej muzeum lub s\u0105 po\u0142\u0105czone ze \u015brodkami transportu, kt\u00f3re pozwalaj\u0105 je odwiedzi\u0107.      <\/p>\n","protected":false},"excerpt":{"rendered":"<p>W Altos de Chav\u00f3n mo\u017cna znale\u017a\u0107 kilka interesuj\u0105cych muze\u00f3w, z kt\u00f3rych jednym z najwa\u017cniejszych jest Regionalne Muzeum Archeologiczne Altos de Chav\u00f3n, kt\u00f3re cieszy si\u0119 du\u017cym zainteresowaniem turyst\u00f3w. Zosta\u0142o ono otwarte w 1981 roku i ma za sob\u0105 d\u0142ug\u0105 histori\u0119. Je\u015bli my\u015blisz o zainwestowaniu w La Romana, zach\u0119camy do zapoznania si\u0119 z informacjami na temat tego [&hellip;]<\/p>\n","protected":false},"author":1,"featured_media":3829,"comment_status":"open","ping_status":"open","sticky":false,"template":"","format":"standard","meta":{"_acf_changed":false,"_eb_attr":"","inline_featured_image":false,"_uag_custom_page_level_css":"","footnotes":""},"categories":[231],"tags":[],"class_list":["post-15347","post","type-post","status-publish","format-standard","has-post-thumbnail","hentry","category-odwiedz-punta-cana"],"acf":[],"featured_image_src":"https:\/\/stagingwprep.grassurntech.com\/wp-content\/uploads\/2023\/09\/Alto-de-Chavon-Regional-Archaeological-Museum.jpg","featured_image_src_square":"https:\/\/stagingwprep.grassurntech.com\/wp-content\/uploads\/2023\/09\/Alto-de-Chavon-Regional-Archaeological-Museum.jpg","author_info":{"display_name":"@blueAdmon","author_link":"https:\/\/stagingwprep.grassurntech.com\/pl\/author\/nubeseo\/"},"uagb_featured_image_src":{"full":["https:\/\/stagingwprep.grassurntech.com\/wp-content\/uploads\/2023\/09\/Alto-de-Chavon-Regional-Archaeological-Museum.jpg",968,735,false],"thumbnail":["https:\/\/stagingwprep.grassurntech.com\/wp-content\/uploads\/2023\/09\/Alto-de-Chavon-Regional-Archaeological-Museum-150x150.jpg",150,150,true],"medium":["https:\/\/stagingwprep.grassurntech.com\/wp-content\/uploads\/2023\/09\/Alto-de-Chavon-Regional-Archaeological-Museum-300x228.jpg",300,228,true],"medium_large":["https:\/\/stagingwprep.grassurntech.com\/wp-content\/uploads\/2023\/09\/Alto-de-Chavon-Regional-Archaeological-Museum-768x583.jpg",768,583,true],"large":["https:\/\/stagingwprep.grassurntech.com\/wp-content\/uploads\/2023\/09\/Alto-de-Chavon-Regional-Archaeological-Museum.jpg",968,735,false],"1536x1536":["https:\/\/stagingwprep.grassurntech.com\/wp-content\/uploads\/2023\/09\/Alto-de-Chavon-Regional-Archaeological-Museum.jpg",968,735,false],"2048x2048":["https:\/\/stagingwprep.grassurntech.com\/wp-content\/uploads\/2023\/09\/Alto-de-Chavon-Regional-Archaeological-Museum.jpg",968,735,false],"gb-block-post-grid-landscape":["https:\/\/stagingwprep.grassurntech.com\/wp-content\/uploads\/2023\/09\/Alto-de-Chavon-Regional-Archaeological-Museum.jpg",527,400,false],"gb-block-post-grid-square":["https:\/\/stagingwprep.grassurntech.com\/wp-content\/uploads\/2023\/09\/Alto-de-Chavon-Regional-Archaeological-Museum.jpg",600,456,false]},"uagb_author_info":{"display_name":"@blueAdmon","author_link":"https:\/\/stagingwprep.grassurntech.com\/pl\/author\/nubeseo\/"},"uagb_comment_info":0,"uagb_excerpt":"W Altos de Chav\u00f3n mo\u017cna znale\u017a\u0107 kilka interesuj\u0105cych muze\u00f3w, z kt\u00f3rych jednym z najwa\u017cniejszych jest Regionalne Muzeum Archeologiczne Altos de Chav\u00f3n, kt\u00f3re cieszy si\u0119 du\u017cym zainteresowaniem turyst\u00f3w. Zosta\u0142o ono otwarte w 1981 roku i ma za sob\u0105 d\u0142ug\u0105 histori\u0119. Je\u015bli my\u015blisz o zainwestowaniu w La Romana, zach\u0119camy do zapoznania si\u0119 z informacjami na temat tego&hellip;","_links":{"self":[{"href":"https:\/\/stagingwprep.grassurntech.com\/pl\/wp-json\/wp\/v2\/posts\/15347","targetHints":{"allow":["GET"]}}],"collection":[{"href":"https:\/\/stagingwprep.grassurntech.com\/pl\/wp-json\/wp\/v2\/posts"}],"about":[{"href":"https:\/\/stagingwprep.grassurntech.com\/pl\/wp-json\/wp\/v2\/types\/post"}],"author":[{"embeddable":true,"href":"https:\/\/stagingwprep.grassurntech.com\/pl\/wp-json\/wp\/v2\/users\/1"}],"replies":[{"embeddable":true,"href":"https:\/\/stagingwprep.grassurntech.com\/pl\/wp-json\/wp\/v2\/comments?post=15347"}],"version-history":[{"count":1,"href":"https:\/\/stagingwprep.grassurntech.com\/pl\/wp-json\/wp\/v2\/posts\/15347\/revisions"}],"predecessor-version":[{"id":15349,"href":"https:\/\/stagingwprep.grassurntech.com\/pl\/wp-json\/wp\/v2\/posts\/15347\/revisions\/15349"}],"wp:featuredmedia":[{"embeddable":true,"href":"https:\/\/stagingwprep.grassurntech.com\/pl\/wp-json\/wp\/v2\/media\/3829"}],"wp:attachment":[{"href":"https:\/\/stagingwprep.grassurntech.com\/pl\/wp-json\/wp\/v2\/media?parent=15347"}],"wp:term":[{"taxonomy":"category","embeddable":true,"href":"https:\/\/stagingwprep.grassurntech.com\/pl\/wp-json\/wp\/v2\/categories?post=15347"},{"taxonomy":"post_tag","embeddable":true,"href":"https:\/\/stagingwprep.grassurntech.com\/pl\/wp-json\/wp\/v2\/tags?post=15347"}],"curies":[{"name":"wp","href":"https:\/\/api.w.org\/{rel}","templated":true}]}}