{"id":15237,"date":"2022-01-10T00:00:00","date_gmt":"2022-01-10T05:00:00","guid":{"rendered":"http:\/\/13.220.237.230:8080\/cueva-de-las-maravillas\/"},"modified":"2024-09-22T06:40:15","modified_gmt":"2024-09-22T10:40:15","slug":"cueva-de-las-maravillas","status":"publish","type":"post","link":"https:\/\/stagingwprep.grassurntech.com\/es\/cueva-de-las-maravillas\/","title":{"rendered":"Cueva de las Maravillas"},"content":{"rendered":"<p>Las \u00abCuevas de las Maravillas\u00bb son un punto de inter\u00e9s sin precedentes que se encuentra entre San Pedro de Macor\u00eds y La Romana.<br \/>\nSi a\u00fan no las has visitado, este art\u00edculo te interesa:   <\/p>\n<h2>\u00bfQu\u00e9 son las Grutas de las Maravillas?<\/h2>\n<p>  La Cueva de las Maravillas es un \u00e1rea protegida situada en la isla de La Espa\u00f1ola, concretamente en la Rep\u00fablica Dominicana.<br \/>\nSe encuentra dentro del <strong>Parque Nacional Cueva de las Maravillas<\/strong> y debe su nombre a la caracter\u00edstica cueva que all\u00ed se encuentra (antes de 1949, su nombre era <strong>Cueva Jagual<\/strong>).<br \/>\nEl nombre se lo asign\u00f3 el profesor Francisco Richiez Acevero al quedar impresionado por las bellas manifestaciones encontradas en su interior.<br \/>\nTiene una longitud de unos 800 metros y se encuentra a 25 metros bajo tierra.<br \/>\nEn su interior es posible encontrar unos <strong>500 grabados y pinturas<\/strong> en las paredes, la gran mayor\u00eda realizados en negro y rojo.<br \/>\nSeg\u00fan los datos de que disponemos, en la cueva es posible encontrar 10 grabados en rocas (lo que se conoce como petroglifos) y 427 pinturas en las paredes (esta manifestaci\u00f3n art\u00edstica se conoce como pictograf\u00eda).<br \/>\nDe estas pictograf\u00edas, 135 son de rostros humanos, 41 humanos y animales, 18 s\u00f3lo animales, 18 geom\u00e9tricas y el resto humanas y geom\u00e9tricas.        <\/p>\n<h2>\u00bfQu\u00e9 puntos de inter\u00e9s hay en el Parque Nacional de la Cueva de las Maravillas?<\/h2>\n<p>  En este lugar hay muchos puntos de inter\u00e9s que el visitante debe visitar.  <\/p>\n<ul>\n<li>En la <strong>galer\u00eda pictogr\u00e1fica<\/strong> es posible encontrar las manifestaciones que ya hemos mencionado en el p\u00e1rrafo anterior.<\/li>\n<li>Otro punto de inter\u00e9s es El Gran Panel.<br \/>\nEn esta zona es posible encontrar una pintura rupestre que fue creada por los ta\u00ednos.<br \/>\nEst\u00e1 claro que la pintura representa un ritual funerario.  <\/li>\n<li>Tambi\u00e9n encontraremos el Espejo de Agua.<br \/>\nSe trata de un lago artificial en el que puedes ver la parte superior de la cueva, como si fuera un espejo. <\/li>\n<\/ul>\n<p>  Como dato de inter\u00e9s, este lugar fue declarado <strong>Parque Nacional<\/strong> el 22 de julio de 1997, convirti\u00e9ndose en un punto relevante para cualquier viajero.<\/p>\n","protected":false},"excerpt":{"rendered":"<p>Las \u00abCuevas de las Maravillas\u00bb son un punto de inter\u00e9s sin precedentes que se encuentra entre San Pedro de Macor\u00eds y La Romana. Si a\u00fan no las has visitado, este art\u00edculo te interesa: \u00bfQu\u00e9 son las Grutas de las Maravillas? La Cueva de las Maravillas es un \u00e1rea protegida situada en la isla de La [&hellip;]<\/p>\n","protected":false},"author":1,"featured_media":3709,"comment_status":"open","ping_status":"open","sticky":false,"template":"","format":"standard","meta":{"_acf_changed":false,"_eb_attr":"","inline_featured_image":false,"_uag_custom_page_level_css":"","footnotes":""},"categories":[133],"tags":[],"class_list":["post-15237","post","type-post","status-publish","format-standard","has-post-thumbnail","hentry","category-visita-punta-cana"],"acf":[],"featured_image_src":"https:\/\/stagingwprep.grassurntech.com\/wp-content\/uploads\/2023\/09\/cueva-maravilla.jpg","featured_image_src_square":"https:\/\/stagingwprep.grassurntech.com\/wp-content\/uploads\/2023\/09\/cueva-maravilla.jpg","author_info":{"display_name":"@blueAdmon","author_link":"https:\/\/stagingwprep.grassurntech.com\/es\/author\/nubeseo\/"},"uagb_featured_image_src":{"full":["https:\/\/stagingwprep.grassurntech.com\/wp-content\/uploads\/2023\/09\/cueva-maravilla.jpg",900,600,false],"thumbnail":["https:\/\/stagingwprep.grassurntech.com\/wp-content\/uploads\/2023\/09\/cueva-maravilla-150x150.jpg",150,150,true],"medium":["https:\/\/stagingwprep.grassurntech.com\/wp-content\/uploads\/2023\/09\/cueva-maravilla-300x200.jpg",300,200,true],"medium_large":["https:\/\/stagingwprep.grassurntech.com\/wp-content\/uploads\/2023\/09\/cueva-maravilla-768x512.jpg",768,512,true],"large":["https:\/\/stagingwprep.grassurntech.com\/wp-content\/uploads\/2023\/09\/cueva-maravilla.jpg",900,600,false],"1536x1536":["https:\/\/stagingwprep.grassurntech.com\/wp-content\/uploads\/2023\/09\/cueva-maravilla.jpg",900,600,false],"2048x2048":["https:\/\/stagingwprep.grassurntech.com\/wp-content\/uploads\/2023\/09\/cueva-maravilla.jpg",900,600,false],"gb-block-post-grid-landscape":["https:\/\/stagingwprep.grassurntech.com\/wp-content\/uploads\/2023\/09\/cueva-maravilla.jpg",600,400,false],"gb-block-post-grid-square":["https:\/\/stagingwprep.grassurntech.com\/wp-content\/uploads\/2023\/09\/cueva-maravilla.jpg",600,400,false]},"uagb_author_info":{"display_name":"@blueAdmon","author_link":"https:\/\/stagingwprep.grassurntech.com\/es\/author\/nubeseo\/"},"uagb_comment_info":0,"uagb_excerpt":"Las \u00abCuevas de las Maravillas\u00bb son un punto de inter\u00e9s sin precedentes que se encuentra entre San Pedro de Macor\u00eds y La Romana. Si a\u00fan no las has visitado, este art\u00edculo te interesa: \u00bfQu\u00e9 son las Grutas de las Maravillas? La Cueva de las Maravillas es un \u00e1rea protegida situada en la isla de La&hellip;","_links":{"self":[{"href":"https:\/\/stagingwprep.grassurntech.com\/es\/wp-json\/wp\/v2\/posts\/15237","targetHints":{"allow":["GET"]}}],"collection":[{"href":"https:\/\/stagingwprep.grassurntech.com\/es\/wp-json\/wp\/v2\/posts"}],"about":[{"href":"https:\/\/stagingwprep.grassurntech.com\/es\/wp-json\/wp\/v2\/types\/post"}],"author":[{"embeddable":true,"href":"https:\/\/stagingwprep.grassurntech.com\/es\/wp-json\/wp\/v2\/users\/1"}],"replies":[{"embeddable":true,"href":"https:\/\/stagingwprep.grassurntech.com\/es\/wp-json\/wp\/v2\/comments?post=15237"}],"version-history":[{"count":1,"href":"https:\/\/stagingwprep.grassurntech.com\/es\/wp-json\/wp\/v2\/posts\/15237\/revisions"}],"predecessor-version":[{"id":15238,"href":"https:\/\/stagingwprep.grassurntech.com\/es\/wp-json\/wp\/v2\/posts\/15237\/revisions\/15238"}],"wp:featuredmedia":[{"embeddable":true,"href":"https:\/\/stagingwprep.grassurntech.com\/es\/wp-json\/wp\/v2\/media\/3709"}],"wp:attachment":[{"href":"https:\/\/stagingwprep.grassurntech.com\/es\/wp-json\/wp\/v2\/media?parent=15237"}],"wp:term":[{"taxonomy":"category","embeddable":true,"href":"https:\/\/stagingwprep.grassurntech.com\/es\/wp-json\/wp\/v2\/categories?post=15237"},{"taxonomy":"post_tag","embeddable":true,"href":"https:\/\/stagingwprep.grassurntech.com\/es\/wp-json\/wp\/v2\/tags?post=15237"}],"curies":[{"name":"wp","href":"https:\/\/api.w.org\/{rel}","templated":true}]}}